{"id":214,"date":"2025-11-07T19:36:58","date_gmt":"2025-11-07T18:36:58","guid":{"rendered":"https:\/\/dzba.de\/news\/?p=214"},"modified":"2025-11-07T19:38:53","modified_gmt":"2025-11-07T18:38:53","slug":"karstaedt-senior-stirbt-bei-unfall-mit-krankenfahrstuhl-polizei-ermittelt","status":"publish","type":"post","link":"https:\/\/dzba.de\/news\/brandenburg\/karstaedt-senior-stirbt-bei-unfall-mit-krankenfahrstuhl-polizei-ermittelt\/","title":{"rendered":"Karst\u00e4dt: Senior stirbt bei Unfall mit Krankenfahrstuhl \u2013 Polizei ermittelt"},"content":{"rendered":"\n<p>In einem schweren Verkehrsunfall auf der Landesstra\u00dfe 13 zwischen Karst\u00e4dt und Bl\u00fcthen ist am Donnerstagnachmittag ein 83-j\u00e4hriger Mann ums Leben gekommen. Der Karst\u00e4dter war gegen 15.50 Uhr mit einem Krankenfahrstuhl unterwegs, als ein Kleintransporter aus bisher ungekl\u00e4rter Ursache auf ihn auffuhr, wie die Polizei am Freitag mitteilte.<\/p>\n\n\n\n<h2 class=\"wp-block-heading\">T\u00f6dlicher Unfall mit Krankenfahrstuhl auf L13: 83-J\u00e4hriger stirbt<\/h2>\n\n\n\n<p>Der 83-J\u00e4hrige wurde dabei so schwer verletzt, dass er noch an der Unfallstelle starb. Seine 76-j\u00e4hrige Begleiterin, die mit einem Fahrrad hinter ihm fuhr, wurde von dem Transporter gestreift und schwer verletzt in ein Krankenhaus gebracht. Der 52-j\u00e4hrige Fahrer des Kleintransporters erlitt leichte Verletzungen.<\/p>\n\n\n\n<p>Zur Kl\u00e4rung des Unfallhergangs wurde ein Gutachter beauftragt. Ob die tiefstehende Sonne und eine m\u00f6glicherweise nicht angepasste Geschwindigkeit eine Rolle spielten, wird noch ermittelt. Der Sachschaden betr\u00e4gt rund 13.000 Euro. Die Landesstra\u00dfe war etwa drei Stunden lang gesperrt.<\/p>\n","protected":false},"excerpt":{"rendered":"<p>In einem schweren Verkehrsunfall auf der Landesstra\u00dfe 13 zwischen Karst\u00e4dt und Bl\u00fcthen ist am Donnerstagnachmittag ein 83-j\u00e4hriger Mann ums Leben gekommen. Der Karst\u00e4dter war gegen 15.50 Uhr mit einem Krankenfahrstuhl unterwegs, als ein Kleintransporter aus bisher ungekl\u00e4rter Ursache auf ihn auffuhr, wie die Polizei am Freitag mitteilte. T\u00f6dlicher Unfall mit Krankenfahrstuhl auf L13: 83-J\u00e4hriger stirbt&hellip;&nbsp;<\/p>\n","protected":false},"author":6,"featured_media":99,"comment_status":"closed","ping_status":"closed","sticky":false,"template":"","format":"standard","meta":{"neve_meta_sidebar":"","neve_meta_container":"","neve_meta_enable_content_width":"","neve_meta_content_width":0,"neve_meta_title_alignment":"","neve_meta_author_avatar":"","neve_post_elements_order":"","neve_meta_disable_header":"","neve_meta_disable_footer":"","neve_meta_disable_title":"","footnotes":""},"categories":[114],"tags":[119],"class_list":["post-214","post","type-post","status-publish","format-standard","has-post-thumbnail","hentry","category-brandenburg","tag-polizei"],"wp-worthy-pixel":{"ignored":false,"public":null,"server":null,"url":null},"wp-worthy-type":"normal","_links":{"self":[{"href":"https:\/\/dzba.de\/news\/wp-json\/wp\/v2\/posts\/214","targetHints":{"allow":["GET"]}}],"collection":[{"href":"https:\/\/dzba.de\/news\/wp-json\/wp\/v2\/posts"}],"about":[{"href":"https:\/\/dzba.de\/news\/wp-json\/wp\/v2\/types\/post"}],"author":[{"embeddable":true,"href":"https:\/\/dzba.de\/news\/wp-json\/wp\/v2\/users\/6"}],"replies":[{"embeddable":true,"href":"https:\/\/dzba.de\/news\/wp-json\/wp\/v2\/comments?post=214"}],"version-history":[{"count":1,"href":"https:\/\/dzba.de\/news\/wp-json\/wp\/v2\/posts\/214\/revisions"}],"predecessor-version":[{"id":215,"href":"https:\/\/dzba.de\/news\/wp-json\/wp\/v2\/posts\/214\/revisions\/215"}],"wp:featuredmedia":[{"embeddable":true,"href":"https:\/\/dzba.de\/news\/wp-json\/wp\/v2\/media\/99"}],"wp:attachment":[{"href":"https:\/\/dzba.de\/news\/wp-json\/wp\/v2\/media?parent=214"}],"wp:term":[{"taxonomy":"category","embeddable":true,"href":"https:\/\/dzba.de\/news\/wp-json\/wp\/v2\/categories?post=214"},{"taxonomy":"post_tag","embeddable":true,"href":"https:\/\/dzba.de\/news\/wp-json\/wp\/v2\/tags?post=214"}],"curies":[{"name":"wp","href":"https:\/\/api.w.org\/{rel}","templated":true}]}}