{"id":383,"date":"2025-12-11T22:55:12","date_gmt":"2025-12-11T21:55:12","guid":{"rendered":"https:\/\/dzba.de\/news\/?p=383"},"modified":"2025-12-11T22:55:13","modified_gmt":"2025-12-11T21:55:13","slug":"unfall-mit-33-promille-in-adorf-fahrer-randaliert-weiter-im-krankenhaus","status":"publish","type":"post","link":"https:\/\/dzba.de\/news\/sachsen\/unfall-mit-33-promille-in-adorf-fahrer-randaliert-weiter-im-krankenhaus\/","title":{"rendered":"Unfall mit 3,3 Promille in Adorf: Fahrer randaliert weiter im Krankenhaus"},"content":{"rendered":"\n<p><strong>Adorf \u2013<\/strong> Ein stark betrunkener Autofahrer ist am Mittwochabend in Adorf (Vogtlandkreis) mit seinem Wagen in einen Stra\u00dfengraben gefahren.<\/p>\n\n\n\n<p>Wie die Polizei am Donnerstag mitteilte, war der 48-J\u00e4hrige auf der B92 unterwegs, als er beim Abbiegen auf die Leubethaer Stra\u00dfe nach rechts von der Fahrbahn abkam. Verletzt wurde er nicht. Am VW des Mannes entstand ein Schaden von rund 2000 Euro.<\/p>\n\n\n\n<h2 class=\"wp-block-heading\">Betrunkener Fahrer landet in Adorf im Stra\u00dfengraben<\/h2>\n\n\n\n<p>Ein Atemalkoholtest ergab laut Polizei einen Wert von etwa 3,3 Promille. Zudem besa\u00df der Mann demnach keinen F\u00fchrerschein. Sowohl am Unfallort als auch sp\u00e4ter bei der Blutentnahme im Krankenhaus rief der Mann wiederholt verfassungsfeindliche Parolen.<\/p>\n\n\n\n<p><strong>Au\u00dferdem interessant:<\/strong> <a href=\"https:\/\/dzba.de\/news\/brandenburg\/hitlergruss-in-eberswalde-betrunkener-bedroht-wirtin-mit-messer\/\" data-type=\"post\" data-id=\"366\">Hitlergru\u00df in Eberswalde: Betrunkener bedroht Wirtin mit Messer<\/a><\/p>\n\n\n\n<p>Gegen ihn wird wegen Trunkenheit im Verkehr, Fahrens ohne Fahrerlaubnis und Verwendens von Kennzeichen verfassungswidriger Organisationen ermittelt.<\/p>\n","protected":false},"excerpt":{"rendered":"<p>Adorf \u2013 Ein stark betrunkener Autofahrer ist am Mittwochabend in Adorf (Vogtlandkreis) mit seinem Wagen in einen Stra\u00dfengraben gefahren. Wie die Polizei am Donnerstag mitteilte, war der 48-J\u00e4hrige auf der B92 unterwegs, als er beim Abbiegen auf die Leubethaer Stra\u00dfe nach rechts von der Fahrbahn abkam. Verletzt wurde er nicht. Am VW des Mannes entstand&hellip;&nbsp;<\/p>\n","protected":false},"author":6,"featured_media":338,"comment_status":"closed","ping_status":"closed","sticky":false,"template":"","format":"standard","meta":{"neve_meta_sidebar":"","neve_meta_container":"","neve_meta_enable_content_width":"","neve_meta_content_width":0,"neve_meta_title_alignment":"","neve_meta_author_avatar":"","neve_post_elements_order":"","neve_meta_disable_header":"","neve_meta_disable_footer":"","neve_meta_disable_title":"","footnotes":""},"categories":[113],"tags":[119],"class_list":["post-383","post","type-post","status-publish","format-standard","has-post-thumbnail","hentry","category-sachsen","tag-polizei"],"wp-worthy-pixel":{"ignored":false,"public":null,"server":null,"url":null},"wp-worthy-type":"normal","_links":{"self":[{"href":"https:\/\/dzba.de\/news\/wp-json\/wp\/v2\/posts\/383","targetHints":{"allow":["GET"]}}],"collection":[{"href":"https:\/\/dzba.de\/news\/wp-json\/wp\/v2\/posts"}],"about":[{"href":"https:\/\/dzba.de\/news\/wp-json\/wp\/v2\/types\/post"}],"author":[{"embeddable":true,"href":"https:\/\/dzba.de\/news\/wp-json\/wp\/v2\/users\/6"}],"replies":[{"embeddable":true,"href":"https:\/\/dzba.de\/news\/wp-json\/wp\/v2\/comments?post=383"}],"version-history":[{"count":1,"href":"https:\/\/dzba.de\/news\/wp-json\/wp\/v2\/posts\/383\/revisions"}],"predecessor-version":[{"id":384,"href":"https:\/\/dzba.de\/news\/wp-json\/wp\/v2\/posts\/383\/revisions\/384"}],"wp:featuredmedia":[{"embeddable":true,"href":"https:\/\/dzba.de\/news\/wp-json\/wp\/v2\/media\/338"}],"wp:attachment":[{"href":"https:\/\/dzba.de\/news\/wp-json\/wp\/v2\/media?parent=383"}],"wp:term":[{"taxonomy":"category","embeddable":true,"href":"https:\/\/dzba.de\/news\/wp-json\/wp\/v2\/categories?post=383"},{"taxonomy":"post_tag","embeddable":true,"href":"https:\/\/dzba.de\/news\/wp-json\/wp\/v2\/tags?post=383"}],"curies":[{"name":"wp","href":"https:\/\/api.w.org\/{rel}","templated":true}]}}