{"id":475,"date":"2026-01-06T00:06:38","date_gmt":"2026-01-05T23:06:38","guid":{"rendered":"https:\/\/dzba.de\/news\/?p=475"},"modified":"2026-01-06T00:06:39","modified_gmt":"2026-01-05T23:06:39","slug":"einsatz-feuerwehr-landkreis-wittenberg-schaden-polizei","status":"publish","type":"post","link":"https:\/\/dzba.de\/news\/sachsen-anhalt\/einsatz-feuerwehr-landkreis-wittenberg-schaden-polizei\/","title":{"rendered":"Drei Br\u00e4nde in einer Nacht: R\u00e4tselhafte Feuer-Serie in Wittenberg"},"content":{"rendered":"\n<p><strong>Wittenberg<\/strong> \u2013 In der Nacht zum Montag hat es am Morgen gleich dreimal in Wittenberg gebrannt. Die Polizei ermittelt.<\/p>\n\n\n\n<p>Gegen Mitternacht geriet im M\u00fchlenweg im Wittenberger Ortsteil Pratau ein Altkleidercontainer in Brand. Die Feuerwehr l\u00f6schte die Flammen. Der entstandene Sachschaden wird auf rund 1.000 Euro gesch\u00e4tzt.<\/p>\n\n\n\n<p>Wenig sp\u00e4ter, gegen 4.20 Uhr, brannte auf einem Vereinsgel\u00e4nde in der Dresdener Stra\u00dfe ein Transporter der Marke Nissan. Insgesamt 14 Kameraden der Feuerwehren Wittenberg, Abtsdorf und Labetz waren im Einsatz und l\u00f6schten den Brand. Der 61 Jahre alte Nutzer des Fahrzeugs bezifferte den Schaden auf etwa 7.000 Euro.<\/p>\n\n\n\n<p>Am Morgen gegen 7.50 Uhr kam es zu einem weiteren Brand in einer Gartenanlage im Bereich Mittelfeld. Dort stand eine Gartenlaube in Flammen. Die Feuerwehr brachte das Feuer unter Kontrolle. Verletzt wurde niemand. Die H\u00f6he des Schadens ist bislang nicht bekannt.<\/p>\n\n\n\n<p>Zur Brandursache liegen nach Polizeiangaben in allen drei F\u00e4llen noch keine Erkenntnisse vor. Entsprechende Brandermittlungen wurden eingeleitet.<\/p>\n\n\n\n<p><\/p>\n","protected":false},"excerpt":{"rendered":"<p>Wittenberg \u2013 In der Nacht zum Montag hat es am Morgen gleich dreimal in Wittenberg gebrannt. Die Polizei ermittelt. Gegen Mitternacht geriet im M\u00fchlenweg im Wittenberger Ortsteil Pratau ein Altkleidercontainer in Brand. Die Feuerwehr l\u00f6schte die Flammen. Der entstandene Sachschaden wird auf rund 1.000 Euro gesch\u00e4tzt. Wenig sp\u00e4ter, gegen 4.20 Uhr, brannte auf einem Vereinsgel\u00e4nde&hellip;&nbsp;<\/p>\n","protected":false},"author":6,"featured_media":30,"comment_status":"closed","ping_status":"closed","sticky":false,"template":"","format":"standard","meta":{"neve_meta_sidebar":"","neve_meta_container":"","neve_meta_enable_content_width":"","neve_meta_content_width":0,"neve_meta_title_alignment":"","neve_meta_author_avatar":"","neve_post_elements_order":"","neve_meta_disable_header":"","neve_meta_disable_footer":"","neve_meta_disable_title":"","footnotes":""},"categories":[111],"tags":[119],"class_list":["post-475","post","type-post","status-publish","format-standard","has-post-thumbnail","hentry","category-sachsen-anhalt","tag-polizei"],"wp-worthy-pixel":{"ignored":false,"public":null,"server":null,"url":null},"wp-worthy-type":"normal","_links":{"self":[{"href":"https:\/\/dzba.de\/news\/wp-json\/wp\/v2\/posts\/475","targetHints":{"allow":["GET"]}}],"collection":[{"href":"https:\/\/dzba.de\/news\/wp-json\/wp\/v2\/posts"}],"about":[{"href":"https:\/\/dzba.de\/news\/wp-json\/wp\/v2\/types\/post"}],"author":[{"embeddable":true,"href":"https:\/\/dzba.de\/news\/wp-json\/wp\/v2\/users\/6"}],"replies":[{"embeddable":true,"href":"https:\/\/dzba.de\/news\/wp-json\/wp\/v2\/comments?post=475"}],"version-history":[{"count":1,"href":"https:\/\/dzba.de\/news\/wp-json\/wp\/v2\/posts\/475\/revisions"}],"predecessor-version":[{"id":476,"href":"https:\/\/dzba.de\/news\/wp-json\/wp\/v2\/posts\/475\/revisions\/476"}],"wp:featuredmedia":[{"embeddable":true,"href":"https:\/\/dzba.de\/news\/wp-json\/wp\/v2\/media\/30"}],"wp:attachment":[{"href":"https:\/\/dzba.de\/news\/wp-json\/wp\/v2\/media?parent=475"}],"wp:term":[{"taxonomy":"category","embeddable":true,"href":"https:\/\/dzba.de\/news\/wp-json\/wp\/v2\/categories?post=475"},{"taxonomy":"post_tag","embeddable":true,"href":"https:\/\/dzba.de\/news\/wp-json\/wp\/v2\/tags?post=475"}],"curies":[{"name":"wp","href":"https:\/\/api.w.org\/{rel}","templated":true}]}}