{"id":537,"date":"2026-02-28T22:33:53","date_gmt":"2026-02-28T21:33:53","guid":{"rendered":"https:\/\/dzba.de\/news\/?p=537"},"modified":"2026-02-28T22:33:54","modified_gmt":"2026-02-28T21:33:54","slug":"verdi-warnstreik-sachsen-anhalt-brandenburg","status":"publish","type":"post","link":"https:\/\/dzba.de\/news\/mitteldeutschland\/verdi-warnstreik-sachsen-anhalt-brandenburg\/","title":{"rendered":"Gro\u00dfe Warnstreiks im Osten: Diese St\u00e4dte sind komplett dicht"},"content":{"rendered":"\n<p>Gro\u00dffl\u00e4chige Warnstreiks der Gewerkschaft Verdi haben am Freitag und Samstag den kommunalen Nahverkehr in Sachsen-Anhalt, Sachsen, Brandenburg und Berlin weitgehend zum Erliegen gebracht. In zahlreichen St\u00e4dten stehen Busse, Stra\u00dfenbahnen und U-Bahnen still oder verkehren nur nach stark eingeschr\u00e4nkten Notfahrpl\u00e4nen. Die Arbeitsniederlegungen sollen regional bis in die Nacht zum Sonntag andauern.<\/p>\n\n\n\n<h2 class=\"wp-block-heading\">Berlin: BVG-Streik legt U-Bahn, Tram und Busverkehr lahm \u2013 S-Bahn f\u00e4hrt regul\u00e4r<\/h2>\n\n\n\n<p>In Berlin bleiben bei den Berliner Verkehrsbetrieben (BVG) U-Bahnen, Stra\u00dfenbahnen und die meisten Buslinien in den Depots.<\/p>\n\n\n\n<p>Nicht betroffen sind die S-Bahn sowie der Regional- und Fernverkehr der Deutschen Bahn, die regul\u00e4r fahren. Auch einzelne von Subunternehmen betriebene Linien sind teilweise unterwegs.<\/p>\n\n\n\n<h2 class=\"wp-block-heading\">Brandenburg: Ausf\u00e4lle bei Verkehrsbetrieben in Potsdam, Cottbus und Frankfurt (Oder)<\/h2>\n\n\n\n<p>In Brandenburg sind zahlreiche kommunale Verkehrsunternehmen bestreikt. Betroffen sind unter anderem die Verkehrsbetriebe in Potsdam, Cottbus, Frankfurt (Oder) und Brandenburg an der Havel.<\/p>\n\n\n\n<p>Auch in den Landkreisen Barnim, M\u00e4rkisch-Oderland, Oder-Spree, Oberspreewald-Lausitz, Teltow-Fl\u00e4ming, Ostprignitz-Ruppin sowie in der Uckermark kommt es zu massiven Ausf\u00e4llen im Busverkehr. Teilweise werden nur einzelne Verbindungen im Rahmen von Notfahrpl\u00e4nen angeboten.<\/p>\n\n\n\n<h2 class=\"wp-block-heading\">Sachsen: Leipziger Verkehrsbetriebe und Nahverkehr in Dresden, Chemnitz, Zwickau stark eingeschr\u00e4nkt<\/h2>\n\n\n\n<p>In Sachsen stehen in Leipzig die Busse und Stra\u00dfenbahnen der Leipziger Verkehrsbetriebe (LVB) still. Auch in Dresden, Chemnitz, Zwickau und Plauen ist der kommunale Nahverkehr erheblich eingeschr\u00e4nkt oder vollst\u00e4ndig eingestellt. Ein regul\u00e4rer Betrieb findet vielerorts nicht statt.<\/p>\n\n\n\n<h2 class=\"wp-block-heading\">Sachsen-Anhalt: Magdeburg, Halle (Saale), Dessau-Ro\u00dflau und Burgenlandkreis vom Warnstreik betroffen<\/h2>\n\n\n\n<p>In Sachsen-Anhalt sind unter anderem Magdeburg, Halle (Saale) und Dessau-Ro\u00dflau betroffen. In Magdeburg ruht der Nahverkehr zeitweise vollst\u00e4ndig, in Halle gilt ein stark reduzierter Ersatzfahrplan. Auch im Burgenlandkreis fallen Busverbindungen aus.<\/p>\n\n\n\n<h2 class=\"wp-block-heading\">Th\u00fcringen: Nahverkehr in Erfurt und Gera komplett eingestellt<\/h2>\n\n\n\n<p>Auch in Th\u00fcringen kommt es zu erheblichen Einschr\u00e4nkungen. In Erfurt und Gera ist der kommunale Nahverkehr komplett eingestellt. In Jena sowie im Saale-Holzland-Kreis wurde ein stark eingeschr\u00e4nkter Notbetrieb eingerichtet.<\/p>\n\n\n\n<p>Weitere St\u00e4dte und Regionen melden Ausf\u00e4lle oder deutliche Taktreduzierungen. Die Einschr\u00e4nkungen sollen ebenfalls bis Sonntagmorgen andauern.<\/p>\n\n\n\n<p>Die Warnstreiks sind Teil der laufenden Tarifauseinandersetzung im kommunalen Nahverkehr. Verdi fordert unter anderem bessere Arbeitsbedingungen, k\u00fcrzere Arbeitszeiten sowie h\u00f6here Zuschl\u00e4ge f\u00fcr belastende Dienste. Fahrg\u00e4ste m\u00fcssen in den betroffenen Regionen weiterhin mit erheblichen Einschr\u00e4nkungen rechnen und sollten sich vor Fahrtantritt \u00fcber die aktuellen Verbindungen informieren.<\/p>\n\n\n\n<p><\/p>\n","protected":false},"excerpt":{"rendered":"<p>Gro\u00dffl\u00e4chige Warnstreiks der Gewerkschaft Verdi haben am Freitag und Samstag den kommunalen Nahverkehr in Sachsen-Anhalt, Sachsen, Brandenburg und Berlin weitgehend zum Erliegen gebracht. In zahlreichen St\u00e4dten stehen Busse, Stra\u00dfenbahnen und U-Bahnen still oder verkehren nur nach stark eingeschr\u00e4nkten Notfahrpl\u00e4nen. Die Arbeitsniederlegungen sollen regional bis in die Nacht zum Sonntag andauern. Berlin: BVG-Streik legt U-Bahn, Tram&hellip;&nbsp;<\/p>\n","protected":false},"author":6,"featured_media":538,"comment_status":"closed","ping_status":"closed","sticky":false,"template":"","format":"standard","meta":{"neve_meta_sidebar":"","neve_meta_container":"","neve_meta_enable_content_width":"","neve_meta_content_width":0,"neve_meta_title_alignment":"","neve_meta_author_avatar":"","neve_post_elements_order":"","neve_meta_disable_header":"","neve_meta_disable_footer":"","neve_meta_disable_title":"","footnotes":""},"categories":[130],"tags":[],"class_list":["post-537","post","type-post","status-publish","format-standard","has-post-thumbnail","hentry","category-mitteldeutschland"],"wp-worthy-pixel":{"ignored":false,"public":null,"server":null,"url":null},"wp-worthy-type":"normal","_links":{"self":[{"href":"https:\/\/dzba.de\/news\/wp-json\/wp\/v2\/posts\/537","targetHints":{"allow":["GET"]}}],"collection":[{"href":"https:\/\/dzba.de\/news\/wp-json\/wp\/v2\/posts"}],"about":[{"href":"https:\/\/dzba.de\/news\/wp-json\/wp\/v2\/types\/post"}],"author":[{"embeddable":true,"href":"https:\/\/dzba.de\/news\/wp-json\/wp\/v2\/users\/6"}],"replies":[{"embeddable":true,"href":"https:\/\/dzba.de\/news\/wp-json\/wp\/v2\/comments?post=537"}],"version-history":[{"count":1,"href":"https:\/\/dzba.de\/news\/wp-json\/wp\/v2\/posts\/537\/revisions"}],"predecessor-version":[{"id":539,"href":"https:\/\/dzba.de\/news\/wp-json\/wp\/v2\/posts\/537\/revisions\/539"}],"wp:featuredmedia":[{"embeddable":true,"href":"https:\/\/dzba.de\/news\/wp-json\/wp\/v2\/media\/538"}],"wp:attachment":[{"href":"https:\/\/dzba.de\/news\/wp-json\/wp\/v2\/media?parent=537"}],"wp:term":[{"taxonomy":"category","embeddable":true,"href":"https:\/\/dzba.de\/news\/wp-json\/wp\/v2\/categories?post=537"},{"taxonomy":"post_tag","embeddable":true,"href":"https:\/\/dzba.de\/news\/wp-json\/wp\/v2\/tags?post=537"}],"curies":[{"name":"wp","href":"https:\/\/api.w.org\/{rel}","templated":true}]}}